[{"@context":"https:\/\/schema.org\/","@type":"Article","@id":"https:\/\/www.adamsr.sk\/matky-najmenej-platena-pozicia\/#Article","mainEntityOfPage":"https:\/\/www.adamsr.sk\/matky-najmenej-platena-pozicia\/","headline":"Matky, najmenej platen\u00e1 poz\u00edcia","name":"Matky, najmenej platen\u00e1 poz\u00edcia","description":"\u2022 Som tak trochu v \u0161oku a u\u017e takmer neviem, \u010do si m\u00e1m myslie\u0165. Pomocou webov\u00e9ho odkazu som sa do\u010d\u00edtal o ur\u010dit\u00fdch pozit\u00edvnych zmen\u00e1ch, ktor\u00e9","datePublished":"2018-02-23","dateModified":"2023-04-28","author":{"@type":"Person","@id":"https:\/\/www.adamsr.sk\/author\/devene\/#Person","name":"devene","url":"https:\/\/www.adamsr.sk\/author\/devene\/","identifier":1,"image":{"@type":"ImageObject","@id":"https:\/\/secure.gravatar.com\/avatar\/9994033610bfa8d5c75e7c2dd1b5bdd54900f4ed2e7e5c6722d4887246e31af4?s=96&d=mm&r=g","url":"https:\/\/secure.gravatar.com\/avatar\/9994033610bfa8d5c75e7c2dd1b5bdd54900f4ed2e7e5c6722d4887246e31af4?s=96&d=mm&r=g","height":96,"width":96}},"publisher":{"@type":"Organization","name":"adamsr.sk","logo":{"@type":"ImageObject","@id":"\/logo.png","url":"\/logo.png","width":600,"height":60}},"image":{"@type":"ImageObject","@id":"https:\/\/www.adamsr.sk\/wp-content\/uploads\/img_a287147_w16468_t1524515216.jpg","url":"https:\/\/www.adamsr.sk\/wp-content\/uploads\/img_a287147_w16468_t1524515216.jpg","height":0,"width":0},"url":"https:\/\/www.adamsr.sk\/matky-najmenej-platena-pozicia\/","wordCount":454,"articleBody":"\u2022 Som tak trochu v \u0161oku a u\u017e takmer neviem, \u010do si m\u00e1m myslie\u0165. Pomocou webov\u00e9ho odkazu som sa do\u010d\u00edtal o ur\u010dit\u00fdch pozit\u00edvnych zmen\u00e1ch, ktor\u00e9 \u010dakaj\u00fa s\u00fa\u010dastn\u00e9 a nast\u00e1vaj\u00face mami\u010dky. Ja viem, v r\u00e1mci mo\u017enost\u00ed a dlhoro\u010dn\u00fdch zvyklost\u00ed t\u00fato spr\u00e1vu m\u00f4\u017eeme ch\u00e1pa\u0165 ako ur\u010dit\u00fa pozit\u00edvnu spr\u00e1vu, ale ak sa na to pozriem in\u0161tinkt\u00edvne a z poh\u013eadu \u010dloveka, ktor\u00fd t\u00fa\u017ei po tom, aby sa \u013eudia v jeho kraji mali dobre a aby sa nestr\u00e1cali ide\u00e1ly a postoje, kedy s\u00fa matky symbolom pr\u00ednosu nov\u00fdch Slov\u00e1kov a gener\u00e1ci\u00ed tak si mysl\u00edm, \u017ee zasl\u00fa\u017eili by si ove\u013ea lep\u0161ie podmienky a to aj preto, aby sa dne\u0161n\u00e9 mlad\u00e9 \u017eeny v bud\u00facnosti neb\u00e1li, prinies\u0165 do tohto sveta pokolenie. Pr\u00edde mi, \u017ee v s\u00fa\u010dastn\u00fdch podmienkach to mnoh\u00e9 p\u00e1ry odradzuje a tehotenstvo ber\u00fa ako &#8222;pr\u00faser&#8220;, pri\u010dom \u0161tatistiky mi \u017eia\u013e d\u00e1vaj\u00fa za pravdu. No \u010do m\u00f4\u017ee by\u0165 pre \u0161t\u00e1t a jeho in\u0161tit\u00facie prvoradej\u0161ie, ne\u017e zabezpe\u010di\u0165 matky? Zabezpe\u010di\u0165 rodiny a mal\u00e9 deti? Zabezpe\u010di\u0165, aby boli mal\u00e9 deti riadne a s l\u00e1skou vychov\u00e1van\u00e9, aby ich rodi\u010dia nemuseli by\u0165 odmali\u010dka viac v pr\u00e1ci, ne\u017e pri nich? Vari sa m\u00fdlim? Ozaj je t\u00e1to vec tak m\u00e1lo podstatn\u00e1? Naozaj by sa mali matky spokoji\u0165 s pr\u00eddavkom, ktor\u00fd predstavuje polovicu minim\u00e1lneho platu a od troch rokov na die\u0165a u\u017e nebud\u00fa ma\u0165 takmer \u010das? Vari je to v poriadku a vl\u00e1dne n\u00e1m sloboda, v ktorej sa mysl\u00ed na gener\u00e1cie a deti? Naozaj s\u00fa prednej\u0161ie, ne\u017e zahrani\u010dn\u00fd investor a nezmyseln\u00e1 v\u00fdroba tovaru pre zahrani\u010dn\u00fa firmu, ktor\u00e9 n\u00e1s maj\u00fa za takmer lacn\u00fa a blb\u00fa pracovn\u00fa silu, ktor\u00e1 je n\u00e1chyln\u00e1 podradi\u0165 sa za 400 Euro, preto\u017ee nem\u00e1 na v\u00fdber? Nehovoriac o tom, \u017ee nem\u00e1 \u010das myslie\u0165 na bud\u00facnos\u0165 svojej krajiny, pri\u010dom im in\u0161tit\u00facie e\u0161te &#8222;povinne&#8220; z toho m\u00e1la zober\u00fa a o v\u0161etko, \u010do sa t\u00fdka ich soci\u00e1lnej existencie si musia plati\u0165 a vybavova\u0165 aj tak sami, pri\u010dom ak chce \u010dlovek tro\u0161ku pom\u00f4c\u0165, \u00farady mu zamotaj\u00fa hlavu s nikam neved\u00facou byrokraciou, kedy \u010dlovek aj tak nakoniec us\u00fadi, \u017ee si mus\u00ed pom\u00f4c\u0165 jedine s\u00e1m. \u2022 V takejto dobe je \u0165a\u017ek\u00e9 myslie\u0165 na bud\u00facnos\u0165 a ak pr\u00edspevok pre matku a die\u0165a \u010din\u00ed v\u00fd\u0161ku cca 210 Euro a pova\u017eujeme to za vysok\u00fa \u010diastku, potom sme na tom u\u017e skuto\u010dne zle.                                                                                                                                                                                                                                                                                                                                                                                        3.5\/5 - (4 votes)        "},{"@context":"https:\/\/schema.org\/","@type":"BreadcrumbList","itemListElement":[{"@type":"ListItem","position":1,"name":"Matky, najmenej platen\u00e1 poz\u00edcia","item":"https:\/\/www.adamsr.sk\/matky-najmenej-platena-pozicia\/#breadcrumbitem"}]}]