[{"@context":"https:\/\/schema.org\/","@type":"Article","@id":"https:\/\/www.adamsr.sk\/nieco-ako-darcek-k-vianociam\/#Article","mainEntityOfPage":"https:\/\/www.adamsr.sk\/nieco-ako-darcek-k-vianociam\/","headline":"Nie\u010do ako dar\u010dek k Vianociam","name":"Nie\u010do ako dar\u010dek k Vianociam","description":"&#13; Va\u0161e deti sa u\u017e nem\u00f4\u017eu do\u010dka\u0165. Tajne ujedaj\u00fa \u010do najr\u00fdchlej\u0161ie \u010dokol\u00e1dov\u00e9 pol\u00ed\u010dka z adventn\u00e9ho kalend\u00e1ra, aby u\u017e tu bol ich vyt\u00fa\u017een\u00fd \u0160tedr\u00fd ve\u010der, kedy","datePublished":"2023-04-28","dateModified":"2023-04-28","author":{"@type":"Person","@id":"https:\/\/www.adamsr.sk\/author\/devene\/#Person","name":"devene","url":"https:\/\/www.adamsr.sk\/author\/devene\/","identifier":1,"image":{"@type":"ImageObject","@id":"https:\/\/secure.gravatar.com\/avatar\/9994033610bfa8d5c75e7c2dd1b5bdd54900f4ed2e7e5c6722d4887246e31af4?s=96&d=mm&r=g","url":"https:\/\/secure.gravatar.com\/avatar\/9994033610bfa8d5c75e7c2dd1b5bdd54900f4ed2e7e5c6722d4887246e31af4?s=96&d=mm&r=g","height":96,"width":96}},"publisher":{"@type":"Organization","name":"adamsr.sk","logo":{"@type":"ImageObject","@id":"\/logo.png","url":"\/logo.png","width":600,"height":60}},"url":"https:\/\/www.adamsr.sk\/nieco-ako-darcek-k-vianociam\/","about":["Dom a byt"],"wordCount":444,"articleBody":"&#13; Va\u0161e deti sa u\u017e nem\u00f4\u017eu do\u010dka\u0165. Tajne ujedaj\u00fa \u010do najr\u00fdchlej\u0161ie \u010dokol\u00e1dov\u00e9 pol\u00ed\u010dka z adventn\u00e9ho kalend\u00e1ra, aby u\u017e tu bol ich vyt\u00fa\u017een\u00fd \u0160tedr\u00fd ve\u010der, kedy sa spln\u00ed ka\u017ed\u00e9 \u017eelanie a zvon\u010dek im ozn\u00e1mi, \u017ee maj\u00fa \u010do najr\u00fdchlej\u0161ie be\u017ea\u0165 ku strom\u010deku. Ve\u010f sa na ten tajomn\u00fd ve\u010der te\u0161ia ka\u017ed\u00fd rok. A vy im zaka\u017ed\u00fdm ve\u013emi ochotne priprav\u00edte prekvapenie, aby ste t\u00fa ich rados\u0165 mohli znovu vidie\u0165. Je to najkraj\u0161\u00ed \u010das v roku, kedy sa v\u0161etci z\u00eddete pri v\u00f4ni ihli\u010d\u00ed a zaspievate si spolo\u010dne koledy.&#13; Ve\u013emi pekn\u00fdm dar\u010dekom m\u00f4\u017ee by\u0165 aj \u00faprava ich izbi\u010dky, ktor\u00fa roz\u017eiarite pomocou detsk\u00e9ho koberca. Mali by ste sa zamera\u0165 na detske koberce, ktor\u00e9 s\u00fa vyroben\u00e9 z kvalitn\u00fdch materi\u00e1lov, ale z\u00e1rove\u0148 s\u00fa pohodln\u00e9 a pr\u00edjemn\u00e9 na dotyk.\u010cas hier m\u00f4\u017ee za\u010da\u0165&#13; Pr\u00e1ve tie najmen\u0161ie deti si ve\u013emi rady hraj\u00fa priamo na zemi, preto\u017ee tak m\u00f4\u017eu ovl\u00e1da\u0165 pohodlne svoje hra\u010dky, najm\u00e4 tie na \u0161tyroch koles\u00e1ch alebo si tu stavaj\u00fa  https:\/\/dennikn.sk\/965678\/bratislavski-developeri-stavaju-mrakodrapy-na-rope-toxicke-latky-sa-z-apollky-siria-podzemim-mapy\/hrad z kociek.&#13; Potrebujete im zaisti\u0165 hlavne teplo od podlahy, preto\u017ee \u010do si budeme nahov\u00e1ra\u0165, pl\u00e1vaj\u00faca podlaha je celkom chladn\u00e1, hlavne v zimn\u00fdch mesiacoch si to uvedomujeme \u010faleko viac. Mali by ste voli\u0165 sk\u00f4r koberec s ni\u017e\u0161\u00edm vlasom kv\u00f4li upratovaniu a opotreben\u00ed a nemal by by\u0165 ani pr\u00edli\u0161 hrub\u00fd. Bu\u010f n\u00edm m\u00f4\u017eete pokry\u0165 cel\u00fa miestnos\u0165 alebo si vybra\u0165 nejak\u00fd kusov\u00fd pre v\u00e4\u010d\u0161iu \u010das\u0165 izby. Pod tak\u00fd by mala e\u0161te pr\u00eds\u0165 proti\u0161mykov\u00e1 podlo\u017eka, aby sa nikto nezranil.&#13; Rad\u0161ej vo\u013ete univerz\u00e1lne farby a vzory, ktor\u00e9 sa hod\u00ed ako pre diev\u010dat\u00e1, tak i pre chlapcov.&#13; A pr\u00e1ve pomocou pekn\u00e9ho koberca im tu vytvor\u00edte mal\u00e9 kr\u00e1\u013eovstvo. Pam\u00e4t\u00e1te, ako v\u00e1s v\u00e1\u0161 mal\u00fd syn\u010dek prosil, aby ste mu nama\u013eovali auto dr\u00e1hu na \u0161tvrtky papiera, aby na nej mohol jazdi\u0165 so svoj\u00edm aut\u00ed\u010dkom. To u\u017e nebudete musie\u0165, sta\u010d\u00ed mu k\u00fapi\u0165 podlo\u017eku v 3D rozmere pr\u00e1ve s mot\u00edvom cesty a dopravn\u00fdch zna\u010diek, na ktor\u00e9 sa bude m\u00f4c\u0165 predvies\u0165 so svoj\u00edm vozov\u00fdm parkom. Z\u00e1le\u017e\u00ed len na potreb\u00e1ch a prianiach v\u00e1\u0161ho die\u0165a\u0165a. M\u00f4\u017eete sk\u00fasi\u0165 aj mot\u00edv mesta, zvieracie farmy alebo u diev\u010datiek podmorsk\u00fd svet morskej v\u00edly alebo \u013eadov\u00e9ho kr\u00e1\u013eovstva, ktor\u00e9 je teraz ve\u013ek\u00fdm hitom.                                                                                                                                                                                                                                                                                                                                                                                        3.8\/5 - (5 votes)        "},{"@context":"https:\/\/schema.org\/","@type":"BreadcrumbList","itemListElement":[{"@type":"ListItem","position":1,"name":"Nie\u010do ako dar\u010dek k Vianociam","item":"https:\/\/www.adamsr.sk\/nieco-ako-darcek-k-vianociam\/#breadcrumbitem"}]}]