[{"@context":"https:\/\/schema.org\/","@type":"Article","@id":"https:\/\/www.adamsr.sk\/objektivny-pohlad-na-politicke-nazory-slovakov\/#Article","mainEntityOfPage":"https:\/\/www.adamsr.sk\/objektivny-pohlad-na-politicke-nazory-slovakov\/","headline":"Objekt\u00edvny poh\u013ead na politick\u00e9 n\u00e1zory Slov\u00e1kov","name":"Objekt\u00edvny poh\u013ead na politick\u00e9 n\u00e1zory Slov\u00e1kov","description":"M\u00e1m tak\u00fd pocit, \u017ee ak sa pozrieme na n\u00e1zory dne\u0161n\u00fdch, tak\u00fdch be\u017en\u00fdch ob\u010danov, mo\u017eno budeme prekvapen\u00ed, mo\u017eno nie, ale tvor\u00ed sa v nich viera v","datePublished":"2018-01-31","dateModified":"2023-04-28","author":{"@type":"Person","@id":"https:\/\/www.adamsr.sk\/author\/devene\/#Person","name":"devene","url":"https:\/\/www.adamsr.sk\/author\/devene\/","identifier":1,"image":{"@type":"ImageObject","@id":"https:\/\/secure.gravatar.com\/avatar\/9994033610bfa8d5c75e7c2dd1b5bdd54900f4ed2e7e5c6722d4887246e31af4?s=96&d=mm&r=g","url":"https:\/\/secure.gravatar.com\/avatar\/9994033610bfa8d5c75e7c2dd1b5bdd54900f4ed2e7e5c6722d4887246e31af4?s=96&d=mm&r=g","height":96,"width":96}},"publisher":{"@type":"Organization","name":"adamsr.sk","logo":{"@type":"ImageObject","@id":"\/logo.png","url":"\/logo.png","width":600,"height":60}},"image":{"@type":"ImageObject","@id":"https:\/\/www.adamsr.sk\/wp-content\/uploads\/img_a286559_w2042_t1522472480.png","url":"https:\/\/www.adamsr.sk\/wp-content\/uploads\/img_a286559_w2042_t1522472480.png","height":0,"width":0},"url":"https:\/\/www.adamsr.sk\/objektivny-pohlad-na-politicke-nazory-slovakov\/","wordCount":443,"articleBody":"\tM\u00e1m tak\u00fd pocit, \u017ee ak sa pozrieme na n\u00e1zory dne\u0161n\u00fdch, tak\u00fdch be\u017en\u00fdch ob\u010danov, mo\u017eno budeme prekvapen\u00ed, mo\u017eno nie, ale tvor\u00ed sa v nich viera v strany, ktor\u00e9 maj\u00fa in\u00e9 predstavy, ne\u017e udr\u017eiava\u0165 &#8222;star\u00fa dobr\u00fa, liber\u00e1lnu demokraciu.&#8220; Akoby sa hist\u00f3ria za\u010dala opakova\u0165. N\u00e1jdeme ve\u013ea \u013eud\u00ed, ktor\u00ed chc\u00fa radik\u00e1lnej\u0161ie zmeny a na nejakej demokracii a liberalizme im prest\u00e1va z\u00e1le\u017ea\u0165, dokonca v nezriedkych pr\u00edpadoch tieto my\u0161lienky znen\u00e1videli. V tomto \u010dl\u00e1nku sa pok\u00fasim op\u00edsa\u0165 n\u00e1zory dne\u0161n\u00fdch Slov\u00e1kov objekt\u00edvne, \u017eiadnu propagandu robi\u0165 nechcem a pok\u00fasim sa vyhn\u00fa\u0165 i osobn\u00fdm n\u00e1zorom.\tNespravodliv\u00e1 a nerovnomern\u00e1 soci\u00e1lna situ\u00e1cia, slep\u00e9 z\u00e1kony, to v\u0161etko zrovna k udr\u017eiavaniu viery v demokraciu nenapom\u00e1ha. Navy\u0161e pri\u0161la surov\u00e1 bodka na z\u00e1ver. Imigr\u00e1cia \u013eud\u00ed s odli\u0161nou n\u00e1bo\u017eenskou vierou, ktor\u00fa ozna\u010dujeme za fanatick\u00fa a \u017eia\u013e vid\u00edme, \u017ee to ozna\u010denie je pravdiv\u00e9. Je do o\u010d\u00ed bij\u00face, \u017ee Eur\u00f3pa sa stala ter\u010dom ka\u017edodenn\u00e9ho terorizmu a straty nevinn\u00fdch \u017eivotov. Teraz dos\u0165 odbo\u010d\u00edm a zasa pouk\u00e1\u017eem na \u013eud\u00ed s be\u017en\u00fdm a \u010dasovo n\u00e1ro\u010dn\u00fdm zamestnan\u00edm. T\u00ed op\u00e4\u0165 str\u00e1caj\u00fa pr\u00e1vo. Skr\u00e1tka ak toto v\u0161etko zhrniem dokopy, op\u00e4\u0165 nast\u00e1va p\u00f4da pre strany, ktor\u00e9 mo\u017eno ozna\u010di\u0165 za nacistick\u00e9, alebo z \u013eavic\u00e9ho h\u013eadiska za komunistick\u00e9. Op\u00e4\u0165 tu zreje p\u00f4da pre re\u017eimy, ktor\u00e9 sme si mysleli, \u017ee zostan\u00fa minulos\u0165ou.\tProste nem\u00f4\u017eem sa zbavi\u0165 toho pocitu, \u017ee \u013eudia za\u010d\u00ednaj\u00fa zm\u00fd\u0161\u013ea\u0165 ako v dob\u00e1ch, pred n\u00e1stupom toho \u010di onoho re\u017eimu. T\u00fa\u017eia po radik\u00e1lnej\u0161\u00edch zmen\u00e1ch a s t\u00fdm, kto im ich s\u013e\u00fabi, p\u00f4jdu aj na kraj sveta. Aj napriek tomu v\u0161ak zo strany niektor\u00fdch \u013eud\u00ed, ktor\u00ed dok\u00e1\u017eu h\u013eadie\u0165 \u010falej, vznik\u00e1 z ur\u010dit\u00fdch podobn\u00fdch str\u00e1n strach, ale zasa aj ned\u00f4vera k politicky korektn\u00fdm a demokratick\u00fdm stran\u00e1m. Tak\u017ee je tu dos\u0165 ob\u010danov, ktor\u00ed by nasledovali neonacistick\u00fa stranu, no nedaj\u00fa si n\u00e1mahu domyslie\u0165 si n\u00e1sledky,\u00a0 potom je asi v\u00e4\u010dina ob\u010danov, ktor\u00ed sa tak\u00fdchto str\u00e1n boja a zvolia rad\u0161ej politicky korektnej\u0161iu stranu aj napriek ned\u00f4vere a potom je nemal\u00e9 percento, ktor\u00e9 sa volieb nez\u00fa\u010dastn\u00ed, preto\u017ee ich n\u00e1zory nik nezastupuje a stratili d\u00f4veru v syst\u00e9m. A nakoniec mal\u00e9 percento, ktor\u00e9 zvol\u00ed socialistov alebo stranu zelen\u00fdch.                                                                                                                                                                                                                                                                                                                                                                                        4.5\/5 - (11 votes)        "},{"@context":"https:\/\/schema.org\/","@type":"BreadcrumbList","itemListElement":[{"@type":"ListItem","position":1,"name":"Objekt\u00edvny poh\u013ead na politick\u00e9 n\u00e1zory Slov\u00e1kov","item":"https:\/\/www.adamsr.sk\/objektivny-pohlad-na-politicke-nazory-slovakov\/#breadcrumbitem"}]}]